{"id":125,"date":"2023-04-11T22:03:46","date_gmt":"2023-04-11T20:03:46","guid":{"rendered":"https:\/\/niten-dojo.fr\/?p=125"},"modified":"2023-04-11T22:03:58","modified_gmt":"2023-04-11T20:03:58","slug":"tanimoto-sensei-au-niten","status":"publish","type":"post","link":"https:\/\/niten-dojo.fr\/?p=125","title":{"rendered":"Tanimoto Sensei au Niten"},"content":{"rendered":"\n<p>Le samedi 29\/04\/2023 nous accueillerons Tanimoto Sensei 7eme Dan Renshi (enseignante au&nbsp;lyc\u00e9e de Takamatsu Chuo)<\/p>\n\n\n\n<p>Pour en savoir plus sur sa carri\u00e8re et son palmar\u00e8s:&nbsp;<a href=\"https:\/\/www.facebook.com\/groups\/131566073687912\/permalink\/2339208822923615\/\">https:\/\/www.facebook.com\/groups\/131566073687912\/permalink\/2339208822923615\/<\/a><\/p>\n\n\n\n<p><strong>Stage tous niveaux.<\/strong><\/p>\n\n\n\n<p><strong>Lieu :<\/strong> Gymnase du Bicheret, Chemin du Bicheret, 77700 Chessy<\/p>\n\n\n\n<p>Accessible par A4 (Val d&rsquo;Europe \/Disneyland Paris), RER A Val d&rsquo;Europe<\/p>\n\n\n\n<p><strong>Horaires :<\/strong><\/p>\n\n\n\n<ul class=\"wp-block-list\">\n<li>9h15 ouverture des portes (caf\u00e9, th\u00e9, petits g\u00e2teaux)<\/li>\n\n\n\n<li>10h00 \/ 12H30 Keiko<\/li>\n\n\n\n<li>12h30 \/ 14h00 Lunch<\/li>\n\n\n\n<li>14h00 \/ 17h00 Keiko<\/li>\n\n\n\n<li>18h00 Pot \/ D\u00eener<\/li>\n<\/ul>\n\n\n\n<p>La taille du Dojo nous permet d&rsquo;accueillir une quarantaine de personnes maximum, nous fermerons les inscriptions arriv\u00e9s \u00e0 ce nombre.<\/p>\n\n\n\n<p>Pour manger le midi, vous pouvez amener votre petit plat (micro-onde disponible) ou nous pouvons commander les repas en avance (pr\u00e9voir 10\u20ac en esp\u00e8ces).<\/p>\n\n\n\n<p>L&rsquo;inscription pour le stage <a href=\"https:\/\/docs.google.com\/forms\/d\/e\/1FAIpQLSfWgfBUYCcS7qNvOHOBWxlrFTW-4zLEs9kGqEzAy82fHa1_HQ\/viewform\" data-type=\"URL\" data-id=\"https:\/\/docs.google.com\/forms\/d\/e\/1FAIpQLSfWgfBUYCcS7qNvOHOBWxlrFTW-4zLEs9kGqEzAy82fHa1_HQ\/viewform\">via ce formulaire<\/a> <\/p>\n","protected":false},"excerpt":{"rendered":"<p>Le samedi 29\/04\/2023 nous accueillerons Tanimoto Sensei 7eme Dan Renshi (enseignante au&nbsp;lyc\u00e9e de Takamatsu Chuo) Pour en savoir plus sur sa carri\u00e8re et son palmar\u00e8s:&nbsp;https:\/\/www.facebook.com\/groups\/131566073687912\/permalink\/2339208822923615\/ Stage tous niveaux. Lieu : Gymnase du Bicheret, Chemin du Bicheret, 77700 Chessy Accessible par <a class=\"more-link\" href=\"https:\/\/niten-dojo.fr\/?p=125\">Continuer la lecture <span class=\"screen-reader-text\">  Tanimoto Sensei au Niten<\/span><span class=\"meta-nav\">&rarr;<\/span><\/a><\/p>\n","protected":false},"author":1,"featured_media":0,"comment_status":"open","ping_status":"open","sticky":false,"template":"","format":"standard","meta":{"iawp_total_views":12,"footnotes":""},"categories":[1],"tags":[],"class_list":["post-125","post","type-post","status-publish","format-standard","hentry","category-general"],"_links":{"self":[{"href":"https:\/\/niten-dojo.fr\/index.php?rest_route=\/wp\/v2\/posts\/125","targetHints":{"allow":["GET"]}}],"collection":[{"href":"https:\/\/niten-dojo.fr\/index.php?rest_route=\/wp\/v2\/posts"}],"about":[{"href":"https:\/\/niten-dojo.fr\/index.php?rest_route=\/wp\/v2\/types\/post"}],"author":[{"embeddable":true,"href":"https:\/\/niten-dojo.fr\/index.php?rest_route=\/wp\/v2\/users\/1"}],"replies":[{"embeddable":true,"href":"https:\/\/niten-dojo.fr\/index.php?rest_route=%2Fwp%2Fv2%2Fcomments&post=125"}],"version-history":[{"count":3,"href":"https:\/\/niten-dojo.fr\/index.php?rest_route=\/wp\/v2\/posts\/125\/revisions"}],"predecessor-version":[{"id":128,"href":"https:\/\/niten-dojo.fr\/index.php?rest_route=\/wp\/v2\/posts\/125\/revisions\/128"}],"wp:attachment":[{"href":"https:\/\/niten-dojo.fr\/index.php?rest_route=%2Fwp%2Fv2%2Fmedia&parent=125"}],"wp:term":[{"taxonomy":"category","embeddable":true,"href":"https:\/\/niten-dojo.fr\/index.php?rest_route=%2Fwp%2Fv2%2Fcategories&post=125"},{"taxonomy":"post_tag","embeddable":true,"href":"https:\/\/niten-dojo.fr\/index.php?rest_route=%2Fwp%2Fv2%2Ftags&post=125"}],"curies":[{"name":"wp","href":"https:\/\/api.w.org\/{rel}","templated":true}]}}