{"id":114,"date":"2023-02-25T17:24:29","date_gmt":"2023-02-25T16:24:29","guid":{"rendered":"https:\/\/niten-dojo.fr\/?p=114"},"modified":"2023-02-25T17:27:14","modified_gmt":"2023-02-25T16:27:14","slug":"nito-ryu-benkyoukai-mars-2023","status":"publish","type":"post","link":"https:\/\/niten-dojo.fr\/?p=114","title":{"rendered":"Nito Ryu Benkyoukai Mars 2023"},"content":{"rendered":"\n<p><em>Au Niten, les 4 et 5 mars 2023.<\/em><\/p>\n\n\n\n<p>Groupe de travail sur Nito ryu, encadr\u00e9 par Julien Goullon (6ieme dan) et Adrien Drevet (4ieme dan).<\/p>\n\n\n\n<p><strong>Au programme<\/strong><br>&#8211; un peu de th\u00e9orie appliqu\u00e9e (Hi no kamae, m\u00e9canique des attaques, d\u00e9placements..)<br>&#8211; kirikaeshi<br>&#8211; shikake waza<br>&#8211; oji waza<br>&#8211; ji-keiko<\/p>\n\n\n\n<p>Minimum premier dan habitu\u00e9 \u00e0 porter l&rsquo;armure.<br>Venir avec son mat\u00e9riel (le pr\u00eat sera possible exceptionnellement mais il vaut mieux \u00eatre habitu\u00e9 \u00e0 son mat\u00e9riel)<\/p>\n\n\n\n<p>Ouvert aux pratiquants qui ne font pas Nito et qui veulent travailler avec Nito.<\/p>\n\n\n\n<p>Pour d\u00e9jeuner, apporter ce qu&rsquo;il vous faut, sinon sup\u00e9rette\/boulangerie a 10 minutes \u00e0 pied ou d&rsquo;autres commerces a 5 minutes en voiture.<\/p>\n\n\n\n<p>Participation 10\u20ac<br>(PayPal contact@niten-dojo.fr ou sur place)<\/p>\n\n\n\n<p><strong>Planning pr\u00e9visionnel<\/strong><br><strong>Samedi<\/strong><\/p>\n\n\n\n<ul class=\"wp-block-list\">\n<li>9h30 ouverture<\/li>\n\n\n\n<li>10h d\u00e9but<\/li>\n\n\n\n<li>12h30 lunch<\/li>\n\n\n\n<li>13h30 reprise<\/li>\n\n\n\n<li>16h fin<\/li>\n\n\n\n<li>17h sortie du dojo<\/li>\n<\/ul>\n\n\n\n<p><strong>Dimanche<\/strong><\/p>\n\n\n\n<ul class=\"wp-block-list\">\n<li>9h30 ouverture<\/li>\n\n\n\n<li>10h d\u00e9but<\/li>\n\n\n\n<li>13h fin&nbsp;<\/li>\n<\/ul>\n\n\n\n<p>Registration link<br>Nito Ryu Benkyoukai Mars 2023<br><a rel=\"noreferrer noopener\" href=\"https:\/\/forms.gle\/6GoBWeh29VzDXQgM6?fbclid=IwAR0A73fuBbwklf4dNebqlhboSw-UHDQ4J85Qi_2Mjo1XYZ9Z_BNAKPKsK54\" target=\"_blank\">https:\/\/forms.gle\/6GoBWeh29VzDXQgM6<\/a><\/p>\n","protected":false},"excerpt":{"rendered":"<p>Au Niten, les 4 et 5 mars 2023. Groupe de travail sur Nito ryu, encadr\u00e9 par Julien Goullon (6ieme dan) et Adrien Drevet (4ieme dan). Au programme&#8211; un peu de th\u00e9orie appliqu\u00e9e (Hi no kamae, m\u00e9canique des attaques, d\u00e9placements..)&#8211; kirikaeshi&#8211; <a class=\"more-link\" href=\"https:\/\/niten-dojo.fr\/?p=114\">Continuer la lecture <span class=\"screen-reader-text\">  Nito Ryu Benkyoukai Mars 2023<\/span><span class=\"meta-nav\">&rarr;<\/span><\/a><\/p>\n","protected":false},"author":1,"featured_media":0,"comment_status":"open","ping_status":"open","sticky":false,"template":"","format":"standard","meta":{"iawp_total_views":22,"footnotes":""},"categories":[1,5],"tags":[6],"class_list":["post-114","post","type-post","status-publish","format-standard","hentry","category-general","category-stage","tag-nito-ryu"],"_links":{"self":[{"href":"https:\/\/niten-dojo.fr\/index.php?rest_route=\/wp\/v2\/posts\/114","targetHints":{"allow":["GET"]}}],"collection":[{"href":"https:\/\/niten-dojo.fr\/index.php?rest_route=\/wp\/v2\/posts"}],"about":[{"href":"https:\/\/niten-dojo.fr\/index.php?rest_route=\/wp\/v2\/types\/post"}],"author":[{"embeddable":true,"href":"https:\/\/niten-dojo.fr\/index.php?rest_route=\/wp\/v2\/users\/1"}],"replies":[{"embeddable":true,"href":"https:\/\/niten-dojo.fr\/index.php?rest_route=%2Fwp%2Fv2%2Fcomments&post=114"}],"version-history":[{"count":2,"href":"https:\/\/niten-dojo.fr\/index.php?rest_route=\/wp\/v2\/posts\/114\/revisions"}],"predecessor-version":[{"id":117,"href":"https:\/\/niten-dojo.fr\/index.php?rest_route=\/wp\/v2\/posts\/114\/revisions\/117"}],"wp:attachment":[{"href":"https:\/\/niten-dojo.fr\/index.php?rest_route=%2Fwp%2Fv2%2Fmedia&parent=114"}],"wp:term":[{"taxonomy":"category","embeddable":true,"href":"https:\/\/niten-dojo.fr\/index.php?rest_route=%2Fwp%2Fv2%2Fcategories&post=114"},{"taxonomy":"post_tag","embeddable":true,"href":"https:\/\/niten-dojo.fr\/index.php?rest_route=%2Fwp%2Fv2%2Ftags&post=114"}],"curies":[{"name":"wp","href":"https:\/\/api.w.org\/{rel}","templated":true}]}}